{"id":5289,"date":"2025-11-17T12:31:15","date_gmt":"2025-11-17T11:31:15","guid":{"rendered":"https:\/\/www.cedint.upm.es\/sin-categorizar\/madrid-unveils-its-first-smart-urban-space-at-mercamadrid\/"},"modified":"2026-03-16T16:57:36","modified_gmt":"2026-03-16T15:57:36","slug":"madrid-unveils-its-first-smart-urban-space-at-mercamadrid","status":"publish","type":"post","link":"https:\/\/www.cedint.upm.es\/en\/sin-categorizar\/madrid-unveils-its-first-smart-urban-space-at-mercamadrid\/","title":{"rendered":"Madrid unveils its first smart urban space at Mercamadrid"},"content":{"rendered":"<p>Madrid, Digital Capital continues driving the green, digital, and social transition, promoting a new generation of urban services based on European principles for smart and sustainable cities.<\/p>\n<p>Within this framework, Madrid is leading, together with Dresden, the European consortium Mobilities for EU, part of the Horizon Europe framework program. This project focuses on the development of real-world demonstrators, where disruptive technologies such as artificial intelligence (AI), 5G connectivity, Digital Twins, interoperable Internet of Things (IoT), and connected autonomous vehicles are applied, contributing to the objectives of the European 2030 Climate Mission. <\/p>\n<p><strong>Mercamadrid, Madrid\u2019s first Smart Urban Space<\/strong><br \/>As a result of this initiative, Mercamadrid has become the first Smart Urban Space in Madrid: a hyper-connected and hyper-automated environment where these technologies operate collaboratively.<br \/>The site features a 5G corridor, an interoperable IoT network, and a level 4+ autonomous vehicle that interacts in real time with surrounding elements. Data collected is integrated into a datalake and the energy and mobility data spaces established under <em>Mobilities for EU<\/em>, supporting data-driven urban management. <\/p>\n<p><strong>Presentation and Technology Demonstration Day<\/strong><br \/>On November 11, Mercamadrid hosted the project\u2019s presentation day, attended by representatives from the Madrid City Council, the Mayor of Madrid, the Mayor of Valladolid, \u00d3scar Garc\u00eda Su\u00e1rez (Rector of UPM), as well as members of the European consortium and collaborating companies.<br \/>During the event, progress achieved was showcased, and practical demonstrations of the connected autonomous vehicle were held, consolidating Mercamadrid as a strategic hub for sustainable mobility and green logistics.<\/p>\n<p>More information about the Madrid, Digital Capital Strategy <a href=\"http:\/\/madrid.es\/go\/estrategiadigital\">here<\/a>.<\/p>\n<p>More information about the Digital Office <a href=\"http:\/\/madrid.es\/oficinadigital\">here<\/a>.<\/p>\n\n<p><\/p>\n\n<p><\/p>\n\n<p><\/p>\n\n<h3 class=\"wp-block-heading\"><\/h3>\n\n<p><\/p>\n\n<p><\/p>\n\n<p><\/p>\n\n<p><\/p>\n<\/p>\n","protected":false},"excerpt":{"rendered":"<p>Madrid, Digital Capital continues driving the green, digital, and social transition, promoting a new generation of urban services based on European principles for smart and sustainable cities. Within this framework, Madrid is leading, together with Dresden, the European consortium Mobilities for EU, part of the Horizon Europe framework program. This project focuses on the development of real-world demonstrators, where disruptive technologies such as artificial intelligence (AI), 5G connectivity, Digital Twins,[&hellip;]<\/p>\n","protected":false},"author":1,"featured_media":6459,"comment_status":"closed","ping_status":"open","sticky":false,"template":"","format":"standard","meta":{"_acf_changed":false,"footnotes":""},"categories":[1],"tags":[],"class_list":["post-5289","post","type-post","status-publish","format-standard","has-post-thumbnail","hentry","category-sin-categorizar"],"acf":[],"_links":{"self":[{"href":"https:\/\/www.cedint.upm.es\/en\/wp-json\/wp\/v2\/posts\/5289","targetHints":{"allow":["GET"]}}],"collection":[{"href":"https:\/\/www.cedint.upm.es\/en\/wp-json\/wp\/v2\/posts"}],"about":[{"href":"https:\/\/www.cedint.upm.es\/en\/wp-json\/wp\/v2\/types\/post"}],"author":[{"embeddable":true,"href":"https:\/\/www.cedint.upm.es\/en\/wp-json\/wp\/v2\/users\/1"}],"replies":[{"embeddable":true,"href":"https:\/\/www.cedint.upm.es\/en\/wp-json\/wp\/v2\/comments?post=5289"}],"version-history":[{"count":2,"href":"https:\/\/www.cedint.upm.es\/en\/wp-json\/wp\/v2\/posts\/5289\/revisions"}],"predecessor-version":[{"id":6430,"href":"https:\/\/www.cedint.upm.es\/en\/wp-json\/wp\/v2\/posts\/5289\/revisions\/6430"}],"wp:featuredmedia":[{"embeddable":true,"href":"https:\/\/www.cedint.upm.es\/en\/wp-json\/wp\/v2\/media\/6459"}],"wp:attachment":[{"href":"https:\/\/www.cedint.upm.es\/en\/wp-json\/wp\/v2\/media?parent=5289"}],"wp:term":[{"taxonomy":"category","embeddable":true,"href":"https:\/\/www.cedint.upm.es\/en\/wp-json\/wp\/v2\/categories?post=5289"},{"taxonomy":"post_tag","embeddable":true,"href":"https:\/\/www.cedint.upm.es\/en\/wp-json\/wp\/v2\/tags?post=5289"}],"curies":[{"name":"wp","href":"https:\/\/api.w.org\/{rel}","templated":true}]}}