{"id":5331,"date":"2025-06-13T09:49:37","date_gmt":"2025-06-13T07:49:37","guid":{"rendered":"https:\/\/www.cedint.upm.es\/sin-categorizar\/roberto-prieto-lopez-new-director-of-cedint\/"},"modified":"2025-06-13T09:49:37","modified_gmt":"2025-06-13T07:49:37","slug":"roberto-prieto-lopez-new-director-of-cedint","status":"publish","type":"post","link":"https:\/\/www.cedint.upm.es\/en\/sin-categorizar\/roberto-prieto-lopez-new-director-of-cedint\/","title":{"rendered":"Roberto Prieto L\u00f3pez, new Director of CeDInt"},"content":{"rendered":"<p>The Centro de Dom\u00f3tica Integral (CeDInt) of the Universidad Polit\u00e9cnica de Madrid begins a new chapter with the appointment of Roberto Prieto L\u00f3pez as the new director of the center. With a strong academic and research background, Roberto Prieto takes on this new challenge with the aim of consolidating and strengthening CeDInt\u2019s role as a leading hub in technological innovation, energy efficiency, and intelligent environments. <\/p>\n<p>Full Professor in the Department of Automation, Electrical and Electronic Engineering and Industrial Informatics since 2016, and previously Associate Professor in the same department since 2000, Roberto Prieto has been closely involved in applied research within UPM. He has been a member of the Applied Electronic Technology Group (GTEA) since 2021 and has been part of the Centro de Electr\u00f3nica Industrial (CEI) since 2006. <\/p>\n<p>His relationship with CeDInt is not new, but it is now formalized with his appointment as director starting in May 2025. In this role, Prieto faces significant challenges: CeDInt faces challenges associated with the growth of its activity, such as launching a training program aligned with the research lines currently being developed, as well as organizing and coordinating the different groups and individuals involved in the project, always in harmony with the university\u2019s strategy.\u201d <\/p>\n<p>With this new momentum, CeDInt reaffirms its commitment to academic excellence, knowledge transfer, and technological innovation aimed at improving society.<\/p>\n","protected":false},"excerpt":{"rendered":"<p>The Centro de Dom\u00f3tica Integral (CeDInt) of the Universidad Polit\u00e9cnica de Madrid begins a new chapter with the appointment of Roberto Prieto L\u00f3pez as the new director of the center. With a strong academic and research background, Roberto Prieto takes on this new challenge with the aim of consolidating and strengthening CeDInt\u2019s role as a leading hub in technological innovation, energy efficiency, and intelligent environments. Full Professor in the Department[&hellip;]<\/p>\n","protected":false},"author":1,"featured_media":5330,"comment_status":"closed","ping_status":"open","sticky":false,"template":"","format":"standard","meta":{"_acf_changed":false,"footnotes":""},"categories":[1],"tags":[],"class_list":["post-5331","post","type-post","status-publish","format-standard","has-post-thumbnail","hentry","category-sin-categorizar"],"acf":[],"_links":{"self":[{"href":"https:\/\/www.cedint.upm.es\/en\/wp-json\/wp\/v2\/posts\/5331","targetHints":{"allow":["GET"]}}],"collection":[{"href":"https:\/\/www.cedint.upm.es\/en\/wp-json\/wp\/v2\/posts"}],"about":[{"href":"https:\/\/www.cedint.upm.es\/en\/wp-json\/wp\/v2\/types\/post"}],"author":[{"embeddable":true,"href":"https:\/\/www.cedint.upm.es\/en\/wp-json\/wp\/v2\/users\/1"}],"replies":[{"embeddable":true,"href":"https:\/\/www.cedint.upm.es\/en\/wp-json\/wp\/v2\/comments?post=5331"}],"version-history":[{"count":0,"href":"https:\/\/www.cedint.upm.es\/en\/wp-json\/wp\/v2\/posts\/5331\/revisions"}],"wp:featuredmedia":[{"embeddable":true,"href":"https:\/\/www.cedint.upm.es\/en\/wp-json\/wp\/v2\/media\/5330"}],"wp:attachment":[{"href":"https:\/\/www.cedint.upm.es\/en\/wp-json\/wp\/v2\/media?parent=5331"}],"wp:term":[{"taxonomy":"category","embeddable":true,"href":"https:\/\/www.cedint.upm.es\/en\/wp-json\/wp\/v2\/categories?post=5331"},{"taxonomy":"post_tag","embeddable":true,"href":"https:\/\/www.cedint.upm.es\/en\/wp-json\/wp\/v2\/tags?post=5331"}],"curies":[{"name":"wp","href":"https:\/\/api.w.org\/{rel}","templated":true}]}}